{"id":8357,"date":"2023-04-13T17:18:03","date_gmt":"2023-04-13T15:18:03","guid":{"rendered":"http:\/\/www.telegim.tv\/particulares\/?p=8357"},"modified":"2023-12-19T11:43:30","modified_gmt":"2023-12-19T10:43:30","slug":"video-clase-pilates-basico-con-cesca-1509","status":"publish","type":"post","link":"https:\/\/www.telegim.tv\/particulares\/video-clase-pilates-basico-con-cesca-1509\/","title":{"rendered":"Video Clase PILATES B\u00c1SICO CON CESCA #1509"},"content":{"rendered":"<p>Tiempo 47'15\" (46-60\u2032)<br \/>\nDificultad : 3<br \/>\nT\u00edtulo: Pilates b\u00e1sico con Cesca 1509<br \/>\nDisciplina: Pilates<br \/>\nProfesor: Francesca Garc\u00eda<br \/>\nObjetivos: Trabajo abdominal y del equilibrio.<\/p>\n<p>Descripci\u00f3n: Video clase de pilates virtual intermedio a cargo de Francesca. Esta clase es apta para usuarios que se est\u00e1n iniciando en el pilates y todav\u00eda no dominan esta disciplina, y tambi\u00e9n adecuada para usuarios m\u00e1s avanzados que quieran perfeccionar posturas b\u00e1sicas.<br \/>\nEl M\u00e9todo Pilates es una de las l\u00edneas que m\u00e1s ha revolucionado el mundo del fitness saludable. Supone un trabajo global del cuerpo, enfatizando el trabajo de centro, ya que se busca reforzar el llamado cintur\u00f3n de fuerza.<br \/>\nCon el pilates conseguiremos una correcci\u00f3n postural, mejora de la flexibilidad y relajaci\u00f3n.<br \/>\nPara realizar esta clase virtual de pilates es recomendable usar una soft ball o pelota, pero si no la tienes puedes realizar la clase sin ella.<\/p>\n<div class=\"rtng-rating-total\" data-id=\"8357\"><span class=\"rtng-text rtng-title\">Puntuaci\u00f3n media<\/span><div class=\"rtng-star-rating rtng-no-js \" data-rating=\"0\"><div class=\"rtng-star\" data-rating=\"1\">\n\t\t\t\t\t<span class=\"dashicons dashicons-star-empty\"><\/span>\n\t\t\t\t<\/div><div class=\"rtng-star\" data-rating=\"2\">\n\t\t\t\t\t<span class=\"dashicons dashicons-star-empty\"><\/span>\n\t\t\t\t<\/div><div class=\"rtng-star\" data-rating=\"3\">\n\t\t\t\t\t<span class=\"dashicons dashicons-star-empty\"><\/span>\n\t\t\t\t<\/div><div class=\"rtng-star\" data-rating=\"4\">\n\t\t\t\t\t<span class=\"dashicons dashicons-star-empty\"><\/span>\n\t\t\t\t<\/div><div class=\"rtng-star\" data-rating=\"5\">\n\t\t\t\t\t<span class=\"dashicons dashicons-star-empty\"><\/span>\n\t\t\t\t<\/div><\/div><span class=\"rtng-text rtng-total\">Sistema Operativo<\/span><\/div> <div class=\"rtng-need-login\">Debe <a href=\"https:\/\/www.telegim.tv\/particulares\/wp-login.php\">iniciar sesi\u00f3n<\/a> enviar una opini\u00f3n.<\/div>","protected":false},"excerpt":{"rendered":"<p>Tiempo 47&#8217;15\u00bb (46-60\u2032) Dificultad : 3 T\u00edtulo: Pilates b\u00e1sico con Cesca 1509 Disciplina: Pilates Profesor: Francesca Garc\u00eda Objetivos: Trabajo abdominal y del equilibrio. Descripci\u00f3n: Video clase de pilates virtual intermedio a cargo de Francesca. Esta clase es apta para usuarios que se est\u00e1n iniciando en el pilates y todav\u00eda no dominan esta disciplina, y tambi\u00e9n [&hellip;]<\/p>\n","protected":false},"author":24681,"featured_media":0,"comment_status":"open","ping_status":"closed","sticky":false,"template":"","format":"standard","meta":{"footnotes":""},"categories":[15,8],"tags":[231,292],"class_list":["post-8357","post","type-post","status-publish","format-standard","hentry","category-pilates","category-yoga","tag-equilibrio","tag-pilates-basico"],"_links":{"self":[{"href":"https:\/\/www.telegim.tv\/particulares\/wp-json\/wp\/v2\/posts\/8357","targetHints":{"allow":["GET"]}}],"collection":[{"href":"https:\/\/www.telegim.tv\/particulares\/wp-json\/wp\/v2\/posts"}],"about":[{"href":"https:\/\/www.telegim.tv\/particulares\/wp-json\/wp\/v2\/types\/post"}],"author":[{"embeddable":true,"href":"https:\/\/www.telegim.tv\/particulares\/wp-json\/wp\/v2\/users\/24681"}],"replies":[{"embeddable":true,"href":"https:\/\/www.telegim.tv\/particulares\/wp-json\/wp\/v2\/comments?post=8357"}],"version-history":[{"count":0,"href":"https:\/\/www.telegim.tv\/particulares\/wp-json\/wp\/v2\/posts\/8357\/revisions"}],"wp:attachment":[{"href":"https:\/\/www.telegim.tv\/particulares\/wp-json\/wp\/v2\/media?parent=8357"}],"wp:term":[{"taxonomy":"category","embeddable":true,"href":"https:\/\/www.telegim.tv\/particulares\/wp-json\/wp\/v2\/categories?post=8357"},{"taxonomy":"post_tag","embeddable":true,"href":"https:\/\/www.telegim.tv\/particulares\/wp-json\/wp\/v2\/tags?post=8357"}],"curies":[{"name":"wp","href":"https:\/\/api.w.org\/{rel}","templated":true}]}}