{"id":8082,"date":"2019-04-01T06:08:35","date_gmt":"2019-04-01T04:08:35","guid":{"rendered":"http:\/\/www.telegim.tv\/particulares\/?p=8082"},"modified":"2022-06-02T09:44:16","modified_gmt":"2022-06-02T07:44:16","slug":"video-clase-ciclo-indoor-bikecontrol-mireia-bc26mf","status":"publish","type":"post","link":"https:\/\/www.telegim.tv\/particulares\/video-clase-ciclo-indoor-bikecontrol-mireia-bc26mf\/","title":{"rendered":"Video Clase Ciclo Indoor BIKECONTROL MIREIA BC26MF"},"content":{"rendered":"<p>Tiempo : 46\u201912\u2033 (46-60\u2032)<br \/>\nDificultad : 2<br \/>\nT\u00edtulo : Video Clase Ciclo Indoor BIKECONTROL BC26MF<br \/>\nDisciplina : Ciclo Indoor \/ BIKECONTROL<br \/>\nProfesor : Mireia<br \/>\nObjetivos : En general mejorar nuestra capacidad aer\u00f3bica y forma f\u00edsica. Y si se elige los objetivos del Grupo B, mejorar tambi\u00e9n nuestro rendimiento.<\/p>\n<p>Descripci\u00f3n : Video Clase de Ciclo Indoor BIKECONTROL a cargo de la instructora Mireia. En esta clase virtual de ciclismo indoor, de 42 minutos m\u00e1s estiramientos, se trabajara en la parte principal entre el 70% y 90% de la Frecuencia Card\u00edaca.<br \/>\nEmpezaremos con un calentamiento a 96 rpms. y seguiremos con dos bloques de trabajo. en este entrenamiento tendremos subidas intervalicas, progresivas, cambios de cadencia, etc.<\/p>\n<p>Esta video clase online de Ciclo Indoor es ideal para realizarla en casa en aquellos momentos de nuestro entrenamiento que ya estemos en forma y queramos empezar a afinar un poco en busca de nuestros objetivos.<br \/>\nLos Grupos de Trabajo A y B (diferenciados en el gr\u00e1fico adjunto a la video clases, con las dos l\u00edneas de ojetivos de %Frecuencia Card\u00edaca que se ven), se pueden definir brevemente como:<br \/>\nGrupo A. Trabajo de condici\u00f3n f\u00edsica para todas las personas, en general, buscando una mejora de forma f\u00edsica o mantenimiento.<br \/>\nGrupo B: Trabajo m\u00e1s exigente e intensivo, en busca de objetivos concretos de mejorar nuestra forma f\u00edsica y rendimiento, m\u00e1s a nivel de competici\u00f3n.<\/p>\n<div class=\"rtng-rating-total\" data-id=\"8082\"><span class=\"rtng-text rtng-title\">Puntuaci\u00f3n media<\/span><div class=\"rtng-star-rating rtng-no-js \" data-rating=\"0\"><div class=\"rtng-star\" data-rating=\"1\">\n\t\t\t\t\t<span class=\"dashicons dashicons-star-empty\"><\/span>\n\t\t\t\t<\/div><div class=\"rtng-star\" data-rating=\"2\">\n\t\t\t\t\t<span class=\"dashicons dashicons-star-empty\"><\/span>\n\t\t\t\t<\/div><div class=\"rtng-star\" data-rating=\"3\">\n\t\t\t\t\t<span class=\"dashicons dashicons-star-empty\"><\/span>\n\t\t\t\t<\/div><div class=\"rtng-star\" data-rating=\"4\">\n\t\t\t\t\t<span class=\"dashicons dashicons-star-empty\"><\/span>\n\t\t\t\t<\/div><div class=\"rtng-star\" data-rating=\"5\">\n\t\t\t\t\t<span class=\"dashicons dashicons-star-empty\"><\/span>\n\t\t\t\t<\/div><\/div><span class=\"rtng-text rtng-total\">Sistema Operativo<\/span><\/div> <div class=\"rtng-need-login\">Debe <a href=\"https:\/\/www.telegim.tv\/particulares\/wp-login.php\">iniciar sesi\u00f3n<\/a> enviar una opini\u00f3n.<\/div>","protected":false},"excerpt":{"rendered":"<p>Tiempo : 46\u201912\u2033 (46-60\u2032) Dificultad : 2 T\u00edtulo : Video Clase Ciclo Indoor BIKECONTROL BC26MF Disciplina : Ciclo Indoor \/ BIKECONTROL Profesor : Mireia Objetivos : En general mejorar nuestra capacidad aer\u00f3bica y forma f\u00edsica. Y si se elige los objetivos del Grupo B, mejorar tambi\u00e9n nuestro rendimiento. Descripci\u00f3n : Video Clase de Ciclo Indoor [&hellip;]<\/p>\n","protected":false},"author":24681,"featured_media":0,"comment_status":"open","ping_status":"closed","sticky":false,"template":"","format":"standard","meta":{"footnotes":""},"categories":[13],"tags":[144,257,219],"class_list":["post-8082","post","type-post","status-publish","format-standard","hentry","category-ciclo-indoor","tag-bikecontrol","tag-clases-de-ciclo-indoor","tag-spinning"],"_links":{"self":[{"href":"https:\/\/www.telegim.tv\/particulares\/wp-json\/wp\/v2\/posts\/8082","targetHints":{"allow":["GET"]}}],"collection":[{"href":"https:\/\/www.telegim.tv\/particulares\/wp-json\/wp\/v2\/posts"}],"about":[{"href":"https:\/\/www.telegim.tv\/particulares\/wp-json\/wp\/v2\/types\/post"}],"author":[{"embeddable":true,"href":"https:\/\/www.telegim.tv\/particulares\/wp-json\/wp\/v2\/users\/24681"}],"replies":[{"embeddable":true,"href":"https:\/\/www.telegim.tv\/particulares\/wp-json\/wp\/v2\/comments?post=8082"}],"version-history":[{"count":0,"href":"https:\/\/www.telegim.tv\/particulares\/wp-json\/wp\/v2\/posts\/8082\/revisions"}],"wp:attachment":[{"href":"https:\/\/www.telegim.tv\/particulares\/wp-json\/wp\/v2\/media?parent=8082"}],"wp:term":[{"taxonomy":"category","embeddable":true,"href":"https:\/\/www.telegim.tv\/particulares\/wp-json\/wp\/v2\/categories?post=8082"},{"taxonomy":"post_tag","embeddable":true,"href":"https:\/\/www.telegim.tv\/particulares\/wp-json\/wp\/v2\/tags?post=8082"}],"curies":[{"name":"wp","href":"https:\/\/api.w.org\/{rel}","templated":true}]}}