{"id":7461,"date":"2023-07-03T08:51:39","date_gmt":"2023-07-03T06:51:39","guid":{"rendered":"http:\/\/www.telegim.tv\/particulares\/?p=7461"},"modified":"2023-09-29T16:45:43","modified_gmt":"2023-09-29T14:45:43","slug":"video-clase-pilates-basico-con-monica-1503","status":"publish","type":"post","link":"https:\/\/www.telegim.tv\/particulares\/video-clase-pilates-basico-con-monica-1503\/","title":{"rendered":"Video Clase PILATES B\u00c1SICO CON MONICA #1503"},"content":{"rendered":"<p>Tiempo 49'34\" (46-60\u2032)<br \/>\nDificultad : 2<br \/>\nT\u00edtulo Pilates b\u00e1sico con Monica #1503<br \/>\nDisciplina Pilates<br \/>\nProfesor : Monica Fernandez<br \/>\nObjetivos: Retar el trabajo de centro, fortalecer gl\u00fateos, muslos y brazos, al tiempo que desarrollamos la concentraci\u00f3n y la coordinaci\u00f3n.<\/p>\n<p>Descripci\u00f3n: Video clase online de pilates virtual b\u00e1sico con Monica Fernandez, para usuarios que se est\u00e9n iniciando en esta disciplina, tambi\u00e9n recomendada para usuarios m\u00e1s avanzados y que quieran perfeccionar las t\u00e9cnicas b\u00e1sicas del pilates. Siempre muy importante en las clases de pilates controlar bien la respiraci\u00f3n.<br \/>\nLa secuencia de ejercicios en posici\u00f3n vertical trabajan el tren inferior, lo que ayuda a fortalecer las piernas, al tiempo que potencia al m\u00e1ximo el trabajo de gl\u00fateos.<\/p>\n<div class=\"rtng-rating-total\" data-id=\"7461\"><span class=\"rtng-text rtng-title\">Puntuaci\u00f3n media<\/span><div class=\"rtng-star-rating rtng-no-js \" data-rating=\"0\"><div class=\"rtng-star\" data-rating=\"1\">\n\t\t\t\t\t<span class=\"dashicons dashicons-star-empty\"><\/span>\n\t\t\t\t<\/div><div class=\"rtng-star\" data-rating=\"2\">\n\t\t\t\t\t<span class=\"dashicons dashicons-star-empty\"><\/span>\n\t\t\t\t<\/div><div class=\"rtng-star\" data-rating=\"3\">\n\t\t\t\t\t<span class=\"dashicons dashicons-star-empty\"><\/span>\n\t\t\t\t<\/div><div class=\"rtng-star\" data-rating=\"4\">\n\t\t\t\t\t<span class=\"dashicons dashicons-star-empty\"><\/span>\n\t\t\t\t<\/div><div class=\"rtng-star\" data-rating=\"5\">\n\t\t\t\t\t<span class=\"dashicons dashicons-star-empty\"><\/span>\n\t\t\t\t<\/div><\/div><span class=\"rtng-text rtng-total\">Sistema Operativo<\/span><\/div> <div class=\"rtng-need-login\">Debe <a href=\"https:\/\/www.telegim.tv\/particulares\/wp-login.php\">iniciar sesi\u00f3n<\/a> enviar una opini\u00f3n.<\/div>","protected":false},"excerpt":{"rendered":"<p>Tiempo 49&#8217;34\u00bb (46-60\u2032) Dificultad : 2 T\u00edtulo Pilates b\u00e1sico con Monica #1503 Disciplina Pilates Profesor : Monica Fernandez Objetivos: Retar el trabajo de centro, fortalecer gl\u00fateos, muslos y brazos, al tiempo que desarrollamos la concentraci\u00f3n y la coordinaci\u00f3n. Descripci\u00f3n: Video clase online de pilates virtual b\u00e1sico con Monica Fernandez, para usuarios que se est\u00e9n iniciando [&hellip;]<\/p>\n","protected":false},"author":24681,"featured_media":0,"comment_status":"open","ping_status":"closed","sticky":false,"template":"","format":"standard","meta":{"footnotes":""},"categories":[15,8],"tags":[272,270,229],"class_list":["post-7461","post","type-post","status-publish","format-standard","hentry","category-pilates","category-yoga","tag-basico","tag-clases-de-pilates","tag-principiantes"],"_links":{"self":[{"href":"https:\/\/www.telegim.tv\/particulares\/wp-json\/wp\/v2\/posts\/7461","targetHints":{"allow":["GET"]}}],"collection":[{"href":"https:\/\/www.telegim.tv\/particulares\/wp-json\/wp\/v2\/posts"}],"about":[{"href":"https:\/\/www.telegim.tv\/particulares\/wp-json\/wp\/v2\/types\/post"}],"author":[{"embeddable":true,"href":"https:\/\/www.telegim.tv\/particulares\/wp-json\/wp\/v2\/users\/24681"}],"replies":[{"embeddable":true,"href":"https:\/\/www.telegim.tv\/particulares\/wp-json\/wp\/v2\/comments?post=7461"}],"version-history":[{"count":0,"href":"https:\/\/www.telegim.tv\/particulares\/wp-json\/wp\/v2\/posts\/7461\/revisions"}],"wp:attachment":[{"href":"https:\/\/www.telegim.tv\/particulares\/wp-json\/wp\/v2\/media?parent=7461"}],"wp:term":[{"taxonomy":"category","embeddable":true,"href":"https:\/\/www.telegim.tv\/particulares\/wp-json\/wp\/v2\/categories?post=7461"},{"taxonomy":"post_tag","embeddable":true,"href":"https:\/\/www.telegim.tv\/particulares\/wp-json\/wp\/v2\/tags?post=7461"}],"curies":[{"name":"wp","href":"https:\/\/api.w.org\/{rel}","templated":true}]}}