{"id":7197,"date":"2023-08-02T10:30:43","date_gmt":"2023-08-02T08:30:43","guid":{"rendered":"http:\/\/www.telegim.tv\/particulares\/?p=7197"},"modified":"2024-12-10T08:23:43","modified_gmt":"2024-12-10T07:23:43","slug":"video-clase-ciclo-indoor-placido-aranda-intervalica-1303","status":"publish","type":"post","link":"https:\/\/www.telegim.tv\/particulares\/video-clase-ciclo-indoor-placido-aranda-intervalica-1303\/","title":{"rendered":"Video Clase CICLO INDOOR PL\u00c1CIDO ARANDA INTERV\u00c1LICA #1303"},"content":{"rendered":"<p>Tiempo : 46\u201930\u2033 (46-60\u2032)<br \/>\nDificultad : 3<br \/>\nT\u00edtulo : Pl\u00e1cido aranda interv\u00e1lica 1303<br \/>\nDisciplina : Ciclo Indoor<br \/>\nProfesor : Pl\u00e1cido Aranda<br \/>\nObjetivos : Entre el 65% y 85% de % Frecuencia Card\u00edaca M\u00e1xima<\/p>\n<p>Descripci\u00f3n : Video clase de Ciclo Indoor virtual interv\u00e1lica de 46 minutos a cargo de Pl\u00e1cido. Empezaremos la clase con un calentamiento de aproximadamente 7 minutos, y continuaremos con la video clase con un tramo de monta\u00f1a, en la que subiremos una monta\u00f1a con muchos picos de similar intensidad con sus subidas y sus bajadas. En la parte principal de la clase se trabajar\u00e1 entre el 65% y el 85% de %FC M\u00e1ximo de cada usuario. En esta sesi\u00f3n se alternan fases de gran intensidad con fases de recuperaci\u00f3n activa. Este tipo de sesi\u00f3n de cycling es adecuado para personas con buena capacidad aer\u00f3bica y no tanto para principiantes.<\/p>\n<p>Es importante, sobretodo en este tipo de sesiones, que nos ayudemos de la gr\u00e1fica (al lado de la clase virtual) para conocer nuestros objetivos en cada momento y prepararnos tambi\u00e9n para los tramos siguientes, aunque las recomendaciones del instructor de ciclo sean nuestra pauta principal, y tambi\u00e9n muy recomendable el uso de puls\u00f3metro.<br \/>\nComo siempre, importante tener a mano agua a lo largo de toda la sesi\u00f3n para ir bebiendo y reponer l\u00edquidos.<\/p>\n<div class=\"rtng-rating-total\" data-id=\"7197\"><span class=\"rtng-text rtng-title\">Puntuaci\u00f3n media<\/span><div class=\"rtng-star-rating rtng-no-js \" data-rating=\"0\"><div class=\"rtng-star\" data-rating=\"1\">\n\t\t\t\t\t<span class=\"dashicons dashicons-star-empty\"><\/span>\n\t\t\t\t<\/div><div class=\"rtng-star\" data-rating=\"2\">\n\t\t\t\t\t<span class=\"dashicons dashicons-star-empty\"><\/span>\n\t\t\t\t<\/div><div class=\"rtng-star\" data-rating=\"3\">\n\t\t\t\t\t<span class=\"dashicons dashicons-star-empty\"><\/span>\n\t\t\t\t<\/div><div class=\"rtng-star\" data-rating=\"4\">\n\t\t\t\t\t<span class=\"dashicons dashicons-star-empty\"><\/span>\n\t\t\t\t<\/div><div class=\"rtng-star\" data-rating=\"5\">\n\t\t\t\t\t<span class=\"dashicons dashicons-star-empty\"><\/span>\n\t\t\t\t<\/div><\/div><span class=\"rtng-text rtng-total\">Sistema Operativo<\/span><\/div> <div class=\"rtng-need-login\">Debe <a href=\"https:\/\/www.telegim.tv\/particulares\/wp-login.php\">iniciar sesi\u00f3n<\/a> enviar una opini\u00f3n.<\/div>","protected":false},"excerpt":{"rendered":"<p>Tiempo : 46\u201930\u2033 (46-60\u2032) Dificultad : 3 T\u00edtulo : Pl\u00e1cido aranda interv\u00e1lica 1303 Disciplina : Ciclo Indoor Profesor : Pl\u00e1cido Aranda Objetivos : Entre el 65% y 85% de % Frecuencia Card\u00edaca M\u00e1xima Descripci\u00f3n : Video clase de Ciclo Indoor virtual interv\u00e1lica de 46 minutos a cargo de Pl\u00e1cido. Empezaremos la clase con un calentamiento [&hellip;]<\/p>\n","protected":false},"author":24681,"featured_media":0,"comment_status":"open","ping_status":"closed","sticky":false,"template":"","format":"standard","meta":{"footnotes":""},"categories":[13],"tags":[257,177,219],"class_list":["post-7197","post","type-post","status-publish","format-standard","hentry","category-ciclo-indoor","tag-clases-de-ciclo-indoor","tag-intervalica","tag-spinning"],"_links":{"self":[{"href":"https:\/\/www.telegim.tv\/particulares\/wp-json\/wp\/v2\/posts\/7197","targetHints":{"allow":["GET"]}}],"collection":[{"href":"https:\/\/www.telegim.tv\/particulares\/wp-json\/wp\/v2\/posts"}],"about":[{"href":"https:\/\/www.telegim.tv\/particulares\/wp-json\/wp\/v2\/types\/post"}],"author":[{"embeddable":true,"href":"https:\/\/www.telegim.tv\/particulares\/wp-json\/wp\/v2\/users\/24681"}],"replies":[{"embeddable":true,"href":"https:\/\/www.telegim.tv\/particulares\/wp-json\/wp\/v2\/comments?post=7197"}],"version-history":[{"count":0,"href":"https:\/\/www.telegim.tv\/particulares\/wp-json\/wp\/v2\/posts\/7197\/revisions"}],"wp:attachment":[{"href":"https:\/\/www.telegim.tv\/particulares\/wp-json\/wp\/v2\/media?parent=7197"}],"wp:term":[{"taxonomy":"category","embeddable":true,"href":"https:\/\/www.telegim.tv\/particulares\/wp-json\/wp\/v2\/categories?post=7197"},{"taxonomy":"post_tag","embeddable":true,"href":"https:\/\/www.telegim.tv\/particulares\/wp-json\/wp\/v2\/tags?post=7197"}],"curies":[{"name":"wp","href":"https:\/\/api.w.org\/{rel}","templated":true}]}}