{"id":6883,"date":"2022-03-23T16:49:21","date_gmt":"2022-03-23T15:49:21","guid":{"rendered":"http:\/\/www.telegim.tv\/particulares\/?p=6883"},"modified":"2023-09-29T16:41:04","modified_gmt":"2023-09-29T14:41:04","slug":"video-clase-pilates-basico-con-sandra-1411","status":"publish","type":"post","link":"https:\/\/www.telegim.tv\/particulares\/video-clase-pilates-basico-con-sandra-1411\/","title":{"rendered":"Video Clase PILATES B\u00c1SICO CON SANDRA #1411"},"content":{"rendered":"<p>Tiempo 50'25\" (46-60\u2032)<br \/>\nDificultad : 2<br \/>\nT\u00edtulo Pilates b\u00e1sico con Sandra #1411<br \/>\nDisciplina Pilates<br \/>\nProfesor Sandra de Haro<br \/>\nObjetivos: Retar el trabajo de centro, fortalecer gl\u00fateos, muslos y brazos, al tiempo que desarrollamos la concentraci\u00f3n y la coordinaci\u00f3n.<\/p>\n<p>Descripci\u00f3n: Video clase de pilates virtual b\u00e1sico con Sandra de Haro de aprox. 40 Minutos, basada en la secuencia original de Joseph Pilates con ciertas modificaciones, a la que hemos a\u00f1adido el empleo de banda el\u00e1stica de intensidad intermedia (seg\u00fan el fabricante varia por colores para su f\u00e1cil identificar. Aseg\u00farate de elegir una de intensidad moderada o suave).<br \/>\nEl uso de la banda el\u00e1stica a\u00f1ade un elemento de resistencia, que se transmite al cuerpo. Lo que nos permite identificar m\u00e1s f\u00e1cilmente los grupos musculares que estamos ejercitando. Esto va a incrementar nuestra propiocepci\u00f3n, y nos va a dar m\u00e1s sensaci\u00f3n sobre que partes del cuerpo estamos trabajando.<\/p>\n<p>Aunque en pilates el trabajo se focaliza en el centro abdominal, tambi\u00e9n vamos a introducir trabajo de piernas en posici\u00f3n de cuadrupedia y trabajo de tren superior en posici\u00f3n de rodillas. Al modificar el plano de trabajo y eliminar puntos de apoyo, obligamos a incidir en la conexi\u00f3n del centro abdominal y utilizar los m\u00fasculos estabilizadores del cuerpo.<br \/>\nLa secuencia de ejercicios en posici\u00f3n vertical trabajan el tren inferior, lo que ayuda a fortalecer las piernas, al tiempo que potencia al m\u00e1ximo el trabajo de gl\u00fateos.<\/p>\n<div class=\"rtng-rating-total\" data-id=\"6883\"><span class=\"rtng-text rtng-title\">Puntuaci\u00f3n media<\/span><div class=\"rtng-star-rating rtng-no-js \" data-rating=\"0\"><div class=\"rtng-star\" data-rating=\"1\">\n\t\t\t\t\t<span class=\"dashicons dashicons-star-empty\"><\/span>\n\t\t\t\t<\/div><div class=\"rtng-star\" data-rating=\"2\">\n\t\t\t\t\t<span class=\"dashicons dashicons-star-empty\"><\/span>\n\t\t\t\t<\/div><div class=\"rtng-star\" data-rating=\"3\">\n\t\t\t\t\t<span class=\"dashicons dashicons-star-empty\"><\/span>\n\t\t\t\t<\/div><div class=\"rtng-star\" data-rating=\"4\">\n\t\t\t\t\t<span class=\"dashicons dashicons-star-empty\"><\/span>\n\t\t\t\t<\/div><div class=\"rtng-star\" data-rating=\"5\">\n\t\t\t\t\t<span class=\"dashicons dashicons-star-empty\"><\/span>\n\t\t\t\t<\/div><\/div><span class=\"rtng-text rtng-total\">Sistema Operativo<\/span><\/div> <div class=\"rtng-need-login\">Debe <a href=\"https:\/\/www.telegim.tv\/particulares\/wp-login.php\">iniciar sesi\u00f3n<\/a> enviar una opini\u00f3n.<\/div>","protected":false},"excerpt":{"rendered":"<p>Tiempo 50&#8217;25\u00bb (46-60\u2032) Dificultad : 2 T\u00edtulo Pilates b\u00e1sico con Sandra #1411 Disciplina Pilates Profesor Sandra de Haro Objetivos: Retar el trabajo de centro, fortalecer gl\u00fateos, muslos y brazos, al tiempo que desarrollamos la concentraci\u00f3n y la coordinaci\u00f3n. Descripci\u00f3n: Video clase de pilates virtual b\u00e1sico con Sandra de Haro de aprox. 40 Minutos, basada en [&hellip;]<\/p>\n","protected":false},"author":24681,"featured_media":0,"comment_status":"open","ping_status":"closed","sticky":false,"template":"","format":"standard","meta":{"footnotes":""},"categories":[15,8],"tags":[282,272,270,229],"class_list":["post-6883","post","type-post","status-publish","format-standard","hentry","category-pilates","category-yoga","tag-banda-elastica","tag-basico","tag-clases-de-pilates","tag-principiantes"],"_links":{"self":[{"href":"https:\/\/www.telegim.tv\/particulares\/wp-json\/wp\/v2\/posts\/6883","targetHints":{"allow":["GET"]}}],"collection":[{"href":"https:\/\/www.telegim.tv\/particulares\/wp-json\/wp\/v2\/posts"}],"about":[{"href":"https:\/\/www.telegim.tv\/particulares\/wp-json\/wp\/v2\/types\/post"}],"author":[{"embeddable":true,"href":"https:\/\/www.telegim.tv\/particulares\/wp-json\/wp\/v2\/users\/24681"}],"replies":[{"embeddable":true,"href":"https:\/\/www.telegim.tv\/particulares\/wp-json\/wp\/v2\/comments?post=6883"}],"version-history":[{"count":0,"href":"https:\/\/www.telegim.tv\/particulares\/wp-json\/wp\/v2\/posts\/6883\/revisions"}],"wp:attachment":[{"href":"https:\/\/www.telegim.tv\/particulares\/wp-json\/wp\/v2\/media?parent=6883"}],"wp:term":[{"taxonomy":"category","embeddable":true,"href":"https:\/\/www.telegim.tv\/particulares\/wp-json\/wp\/v2\/categories?post=6883"},{"taxonomy":"post_tag","embeddable":true,"href":"https:\/\/www.telegim.tv\/particulares\/wp-json\/wp\/v2\/tags?post=6883"}],"curies":[{"name":"wp","href":"https:\/\/api.w.org\/{rel}","templated":true}]}}