{"id":4267,"date":"2013-11-21T17:15:57","date_gmt":"2013-11-21T16:15:57","guid":{"rendered":"http:\/\/www.telegim.tv\/particulares\/?p=4267"},"modified":"2022-06-02T13:20:02","modified_gmt":"2022-06-02T11:20:02","slug":"video-clase-yoga-inicial-d05","status":"publish","type":"post","link":"https:\/\/www.telegim.tv\/particulares\/video-clase-yoga-inicial-d05\/","title":{"rendered":"Video Clase YOGA INICIAL D05"},"content":{"rendered":"<p>Tiempo 48\u201959\" (46-60')<br \/>\nDificultad : 1<br \/>\nT\u00edtulo Yoga inicial D05<br \/>\nDisciplina Yoga<br \/>\nProfesor Sandra de Haro<br \/>\nObjetivos Iniciaci\u00f3n al yoga, mejora de la flexibilidad.<br \/>\nDescripci\u00f3n Te proponemos una sesi\u00f3n de YOGA para Principiantes, en la que vas a aprender una secuencia de ASANAS sencillas de f\u00e1cil ejecuci\u00f3n, pero que te van a proporcionar grandes beneficios:<br \/>\n- Mejoraras la alineaci\u00f3n y la postura<br \/>\n- Fortalecer\u00e1s tu centro<br \/>\n- Trabajando el equilibrio mejorar\u00e1s tu capacidad de concentraci\u00f3n<br \/>\n- Reducir\u00e1s el estr\u00e9s y la ansiedad<br \/>\n- Eliminar\u00e1s tensiones cervicales y dolores lumbares<br \/>\n- Mejorar\u00e1s la fuerza, la elasticidad y tu flexibilidad<br \/>\nEn esta sesi\u00f3n, practicar\u00e1s la secuencia de saludos al sol y aprender\u00e1s la posiciones de pie que suponen la base de la pr\u00e1ctica del yoga. Asanas como los guerreros I y II te proporcionar\u00e1s fuerza.<\/p>\n<p>Aprender\u00e1s a realizar flexi\u00f3n y extensi\u00f3n de columnas para ganar fuerza y elasticidad en tu columna e incrementar su movilidad. Incidiremos en el alargamiento axial, buscando espacio entre las vertebras.<\/p>\n<p>Te ense\u00f1aremos a evitar los errores m\u00e1s comunes para que puedas realizar en casa una pr\u00e1ctica segura y beneficiosa.<\/p>\n<div class=\"rtng-rating-total\" data-id=\"4267\"><span class=\"rtng-text rtng-title\">Puntuaci\u00f3n media<\/span><div class=\"rtng-star-rating rtng-no-js \" data-rating=\"0\"><div class=\"rtng-star\" data-rating=\"1\">\n\t\t\t\t\t<span class=\"dashicons dashicons-star-empty\"><\/span>\n\t\t\t\t<\/div><div class=\"rtng-star\" data-rating=\"2\">\n\t\t\t\t\t<span class=\"dashicons dashicons-star-empty\"><\/span>\n\t\t\t\t<\/div><div class=\"rtng-star\" data-rating=\"3\">\n\t\t\t\t\t<span class=\"dashicons dashicons-star-empty\"><\/span>\n\t\t\t\t<\/div><div class=\"rtng-star\" data-rating=\"4\">\n\t\t\t\t\t<span class=\"dashicons dashicons-star-empty\"><\/span>\n\t\t\t\t<\/div><div class=\"rtng-star\" data-rating=\"5\">\n\t\t\t\t\t<span class=\"dashicons dashicons-star-empty\"><\/span>\n\t\t\t\t<\/div><\/div><span class=\"rtng-text rtng-total\">Sistema Operativo<\/span><\/div> <div class=\"rtng-need-login\">Debe <a href=\"https:\/\/www.telegim.tv\/particulares\/wp-login.php\">iniciar sesi\u00f3n<\/a> enviar una opini\u00f3n.<\/div>","protected":false},"excerpt":{"rendered":"<p>Tiempo 48\u201959&#8243; (46-60&#8242;) Dificultad : 1 T\u00edtulo Yoga inicial D05 Disciplina Yoga Profesor Sandra de Haro Objetivos Iniciaci\u00f3n al yoga, mejora de la flexibilidad. Descripci\u00f3n Te proponemos una sesi\u00f3n de YOGA para Principiantes, en la que vas a aprender una secuencia de ASANAS sencillas de f\u00e1cil ejecuci\u00f3n, pero que te van a proporcionar grandes beneficios: [&hellip;]<\/p>\n","protected":false},"author":24681,"featured_media":4268,"comment_status":"open","ping_status":"closed","sticky":false,"template":"","format":"standard","meta":{"footnotes":""},"categories":[8],"tags":[172,95,171],"class_list":["post-4267","post","type-post","status-publish","format-standard","has-post-thumbnail","hentry","category-yoga","tag-asanas","tag-saludos-al-sol","tag-yoga-inicial"],"_links":{"self":[{"href":"https:\/\/www.telegim.tv\/particulares\/wp-json\/wp\/v2\/posts\/4267","targetHints":{"allow":["GET"]}}],"collection":[{"href":"https:\/\/www.telegim.tv\/particulares\/wp-json\/wp\/v2\/posts"}],"about":[{"href":"https:\/\/www.telegim.tv\/particulares\/wp-json\/wp\/v2\/types\/post"}],"author":[{"embeddable":true,"href":"https:\/\/www.telegim.tv\/particulares\/wp-json\/wp\/v2\/users\/24681"}],"replies":[{"embeddable":true,"href":"https:\/\/www.telegim.tv\/particulares\/wp-json\/wp\/v2\/comments?post=4267"}],"version-history":[{"count":0,"href":"https:\/\/www.telegim.tv\/particulares\/wp-json\/wp\/v2\/posts\/4267\/revisions"}],"wp:featuredmedia":[{"embeddable":true,"href":"https:\/\/www.telegim.tv\/particulares\/wp-json\/wp\/v2\/media\/4268"}],"wp:attachment":[{"href":"https:\/\/www.telegim.tv\/particulares\/wp-json\/wp\/v2\/media?parent=4267"}],"wp:term":[{"taxonomy":"category","embeddable":true,"href":"https:\/\/www.telegim.tv\/particulares\/wp-json\/wp\/v2\/categories?post=4267"},{"taxonomy":"post_tag","embeddable":true,"href":"https:\/\/www.telegim.tv\/particulares\/wp-json\/wp\/v2\/tags?post=4267"}],"curies":[{"name":"wp","href":"https:\/\/api.w.org\/{rel}","templated":true}]}}