{"id":2684,"date":"2013-04-24T09:52:57","date_gmt":"2013-04-24T07:52:57","guid":{"rendered":"http:\/\/www.telegim.tv\/particulares\/?p=2684"},"modified":"2022-05-31T10:35:57","modified_gmt":"2022-05-31T08:35:57","slug":"pilates-inicial-con-sandra","status":"publish","type":"post","link":"https:\/\/www.telegim.tv\/particulares\/pilates-inicial-con-sandra\/","title":{"rendered":"Video Clase PILATES INICIAL CON ARO"},"content":{"rendered":"<p>Tiempo 58'33\" (46-60\u2032)<br \/>\nDificultad : 1<br \/>\nT\u00edtulo Pilates inicial con aro<br \/>\nDisciplina Pilates<br \/>\nProfesor Sandra de Haro<br \/>\nObjetivos Retar el trabajo de centro, fortalecimiento de varias partes de nuestro cuerpo como brazos y muslo, a su vez crearemos aptitudes como pueden ser la coordinaci\u00f3n y la concentraci\u00f3n en el ejercicio que estamos realizando.<\/p>\n<p>Descripci\u00f3n Video Clase de pilates con Sandra de Haro. En esta ocasi\u00f3n necesitaremos la colchoneta y el aro M\u00e1gico.<br \/>\nPresentamos una sesi\u00f3n de pilates de nivel B\u00e1sico.<\/p>\n<p>Trabajamos y promocionamos el uso del C\u00edrculo M\u00e1gico porque es una herramiento que nos ayuda a tener una conexi\u00f3n m\u00e1s profunda con el Power House. El c\u00edrculo m\u00e1gico mejora la propiocepci\u00f3n, es decir el trabajo para el control del equilibrio que tenemos sobre nuestro cuerpo. Adem\u00e1s el alumno podr\u00e1 ser capaz de identificar y ser m\u00e1s consciente de los grupos musculares que est\u00e1 ejercitando en cada momento.<\/p>\n<div class=\"rtng-rating-total\" data-id=\"2684\"><span class=\"rtng-text rtng-title\">Puntuaci\u00f3n media<\/span><div class=\"rtng-star-rating rtng-no-js \" data-rating=\"0\"><div class=\"rtng-star\" data-rating=\"1\">\n\t\t\t\t\t<span class=\"dashicons dashicons-star-empty\"><\/span>\n\t\t\t\t<\/div><div class=\"rtng-star\" data-rating=\"2\">\n\t\t\t\t\t<span class=\"dashicons dashicons-star-empty\"><\/span>\n\t\t\t\t<\/div><div class=\"rtng-star\" data-rating=\"3\">\n\t\t\t\t\t<span class=\"dashicons dashicons-star-empty\"><\/span>\n\t\t\t\t<\/div><div class=\"rtng-star\" data-rating=\"4\">\n\t\t\t\t\t<span class=\"dashicons dashicons-star-empty\"><\/span>\n\t\t\t\t<\/div><div class=\"rtng-star\" data-rating=\"5\">\n\t\t\t\t\t<span class=\"dashicons dashicons-star-empty\"><\/span>\n\t\t\t\t<\/div><\/div><span class=\"rtng-text rtng-total\">Sistema Operativo<\/span><\/div> <div class=\"rtng-need-login\">Debe <a href=\"https:\/\/www.telegim.tv\/particulares\/wp-login.php\">iniciar sesi\u00f3n<\/a> enviar una opini\u00f3n.<\/div>","protected":false},"excerpt":{"rendered":"<p>Tiempo 58&#8217;33\u00bb (46-60\u2032) Dificultad : 1 T\u00edtulo Pilates inicial con aro Disciplina Pilates Profesor Sandra de Haro Objetivos Retar el trabajo de centro, fortalecimiento de varias partes de nuestro cuerpo como brazos y muslo, a su vez crearemos aptitudes como pueden ser la coordinaci\u00f3n y la concentraci\u00f3n en el ejercicio que estamos realizando. Descripci\u00f3n Video [&hellip;]<\/p>\n","protected":false},"author":24681,"featured_media":2687,"comment_status":"open","ping_status":"closed","sticky":false,"template":"","format":"standard","meta":{"footnotes":""},"categories":[15,8],"tags":[303,272,239,270],"class_list":["post-2684","post","type-post","status-publish","format-standard","has-post-thumbnail","hentry","category-pilates","category-yoga","tag-aro","tag-basico","tag-estirar","tag-clases-de-pilates"],"_links":{"self":[{"href":"https:\/\/www.telegim.tv\/particulares\/wp-json\/wp\/v2\/posts\/2684","targetHints":{"allow":["GET"]}}],"collection":[{"href":"https:\/\/www.telegim.tv\/particulares\/wp-json\/wp\/v2\/posts"}],"about":[{"href":"https:\/\/www.telegim.tv\/particulares\/wp-json\/wp\/v2\/types\/post"}],"author":[{"embeddable":true,"href":"https:\/\/www.telegim.tv\/particulares\/wp-json\/wp\/v2\/users\/24681"}],"replies":[{"embeddable":true,"href":"https:\/\/www.telegim.tv\/particulares\/wp-json\/wp\/v2\/comments?post=2684"}],"version-history":[{"count":0,"href":"https:\/\/www.telegim.tv\/particulares\/wp-json\/wp\/v2\/posts\/2684\/revisions"}],"wp:featuredmedia":[{"embeddable":true,"href":"https:\/\/www.telegim.tv\/particulares\/wp-json\/wp\/v2\/media\/2687"}],"wp:attachment":[{"href":"https:\/\/www.telegim.tv\/particulares\/wp-json\/wp\/v2\/media?parent=2684"}],"wp:term":[{"taxonomy":"category","embeddable":true,"href":"https:\/\/www.telegim.tv\/particulares\/wp-json\/wp\/v2\/categories?post=2684"},{"taxonomy":"post_tag","embeddable":true,"href":"https:\/\/www.telegim.tv\/particulares\/wp-json\/wp\/v2\/tags?post=2684"}],"curies":[{"name":"wp","href":"https:\/\/api.w.org\/{rel}","templated":true}]}}