{"id":25186,"date":"2025-04-10T18:25:31","date_gmt":"2025-04-10T16:25:31","guid":{"rendered":"https:\/\/www.telegim.tv\/particulares\/?p=25186"},"modified":"2025-04-10T18:25:31","modified_gmt":"2025-04-10T16:25:31","slug":"video-clase-eliptica-visual-jesusgarcia-2106","status":"publish","type":"post","link":"https:\/\/www.telegim.tv\/particulares\/video-clase-eliptica-visual-jesusgarcia-2106\/","title":{"rendered":"Video Clase EL\u00cdPTICA VISUAL con Jes\u00fas Garc\u00eda #2106"},"content":{"rendered":"<p>Tiempo : 32'36\u2033 (30\u2032-45\u2032)<br \/>\nDificultad : 2<br \/>\nT\u00edtulo : Clase El\u00edptica Indoor con Jes\u00fas Garc\u00eda #2106<br \/>\nDisciplina : El\u00edptica Visual<br \/>\nProfesor : Jes\u00fas Garc\u00eda<br \/>\nObjetivos : Ejercitar todo el cuerpo y fortalecer el coraz\u00f3n.<\/p>\n<p>Descripci\u00f3n :<br \/>\nClase de El\u00edptica con Jes\u00fas Garc\u00eda \u2013 32 minutos de cardio, m\u00fasica motivadora y paisajes \u00e1rabes<\/p>\n<p>\u00bfQuieres transformar tu entrenamiento cardio en una experiencia envolvente, efectiva y totalmente motivadora? Te presentamos esta clase de el\u00edptica de 32 minutos dirigida por Jes\u00fas Garc\u00eda, un coach experimentado que te guiar\u00e1 a trav\u00e9s de un recorrido cuidadosamente dise\u00f1ado con 24 parciales, variando la intensidad y el ritmo para que aproveches al m\u00e1ximo cada minuto.<\/p>\n<p>A lo largo de la sesi\u00f3n, no solo trabajar\u00e1s tu resistencia cardiovascular, sino que tambi\u00e9n tonificar\u00e1s m\u00fasculos clave como piernas, gl\u00fateos, abdomen y brazos, gracias al movimiento coordinado de brazos y piernas caracter\u00edstico de la m\u00e1quina el\u00edptica. Todo esto sin impacto sobre las articulaciones, lo que hace que sea un entrenamiento seguro y accesible para todos los niveles.<\/p>\n<p>\u00bfQu\u00e9 hace especial esta clase?<br \/>\n&#x1f539; Duraci\u00f3n perfecta: 32 minutos de entrenamiento intenso y eficiente, ideal para personas con poco tiempo que quieren resultados reales.<br \/>\n&#x1f539; 24 parciales estructurados: intervalos que alternan esfuerzo y recuperaci\u00f3n para maximizar la quema cal\u00f3rica y mejorar tu capacidad aer\u00f3bica.<br \/>\n&#x1f539; M\u00fasica motivadora: ritmos energ\u00e9ticos y envolventes que marcan el paso y elevan tu motivaci\u00f3n.<br \/>\n&#x1f539; Paisajes \u00e1rabes inmersivos: entrena rodeado de dunas, arquitectura ex\u00f3tica y escenarios que activan tu mente mientras trabajas tu cuerpo.<br \/>\n&#x1f539; Entrenamiento completo: activa el tren inferior, superior y el core al mismo tiempo, mejorando coordinaci\u00f3n y equilibrio.<\/p>\n<p>\u00bfPor qu\u00e9 elegir el\u00edptica?<br \/>\nLa el\u00edptica es una de las m\u00e1quinas m\u00e1s completas del gimnasio. Permite realizar ejercicio cardiovascular de bajo impacto, ideal para quienes buscan perder peso, mejorar su salud cardiovascular o tonificar el cuerpo sin riesgo de lesiones. Adem\u00e1s, permite ajustar la resistencia y la cadencia para personalizar la intensidad del entrenamiento seg\u00fan tu nivel f\u00edsico.<\/p>\n<p>\"No es solo una clase, es un viaje lleno de energ\u00eda. Cada parcial est\u00e1 pensado para llevarte un paso m\u00e1s all\u00e1, f\u00edsica y mentalmente.\" \u2013 Jes\u00fas Garc\u00eda<\/p>\n<p>Ya sea que est\u00e9s empezando o que lleves tiempo entrenando, esta clase es para ti. Solo necesitas tu el\u00edptica, tus auriculares y 32 minutos para cambiar tu d\u00eda (\u00a1y tu cuerpo!).<\/p>\n<p>\u00bfPreparado para sudar con estilo?<br \/>\n&#x1f3a7; Dale al play, siente el ritmo, conecta con el paisaje y d\u00e9jate guiar por Jes\u00fas Garc\u00eda en una de las clases m\u00e1s inspiradoras de entrenamiento el\u00edptico que encontrar\u00e1s online.<\/p>\n<div class=\"rtng-rating-total\" data-id=\"25186\"><span class=\"rtng-text rtng-title\">Puntuaci\u00f3n media<\/span><div class=\"rtng-star-rating rtng-no-js \" data-rating=\"100\">\n\t\t\t\t\t<div class=\"rtng-star\" data-rating=\"1\">\n\t\t\t\t\t\t<span class=\"dashicons dashicons-star-filled\"><\/span>\n\t\t\t\t\t<\/div>\n\t\t\t\t\t<div class=\"rtng-star\" data-rating=\"2\">\n\t\t\t\t\t\t<span class=\"dashicons dashicons-star-filled\"><\/span>\n\t\t\t\t\t<\/div>\n\t\t\t\t\t<div class=\"rtng-star\" data-rating=\"3\">\n\t\t\t\t\t\t<span class=\"dashicons dashicons-star-filled\"><\/span>\n\t\t\t\t\t<\/div>\n\t\t\t\t\t<div class=\"rtng-star\" data-rating=\"4\">\n\t\t\t\t\t\t<span class=\"dashicons dashicons-star-filled\"><\/span>\n\t\t\t\t\t<\/div>\n\t\t\t\t\t<div class=\"rtng-star\" data-rating=\"5\">\n\t\t\t\t\t\t<span class=\"dashicons dashicons-star-filled\"><\/span>\n\t\t\t\t\t<\/div><\/div><span class=\"rtng-text rtng-total\">5 de 5 estrellas. 5 votos.<\/span><\/div> <div class=\"rtng-need-login\">Debe <a href=\"https:\/\/www.telegim.tv\/particulares\/wp-login.php\">iniciar sesi\u00f3n<\/a> enviar una opini\u00f3n.<\/div>","protected":false},"excerpt":{"rendered":"<p>Tiempo : 32&#8217;36\u2033 (30\u2032-45\u2032) Dificultad : 2 T\u00edtulo : Clase El\u00edptica Indoor con Jes\u00fas Garc\u00eda #2106 Disciplina : El\u00edptica Visual Profesor : Jes\u00fas Garc\u00eda Objetivos : Ejercitar todo el cuerpo y fortalecer el coraz\u00f3n. Descripci\u00f3n : Clase de El\u00edptica con Jes\u00fas Garc\u00eda \u2013 32 minutos de cardio, m\u00fasica motivadora y paisajes \u00e1rabes \u00bfQuieres transformar tu [&hellip;]<\/p>\n","protected":false},"author":94616,"featured_media":0,"comment_status":"open","ping_status":"closed","sticky":false,"template":"","format":"standard","meta":{"footnotes":""},"categories":[14,492],"tags":[287,288,149,493,286],"class_list":["post-25186","post","type-post","status-publish","format-standard","hentry","category-elipticaindoor","category-visualeliptica","tag-clases-de-caminadoras","tag-elipdoor","tag-eliptica-indoor","tag-eliptica-visual","tag-indoorwalking-2"],"_links":{"self":[{"href":"https:\/\/www.telegim.tv\/particulares\/wp-json\/wp\/v2\/posts\/25186","targetHints":{"allow":["GET"]}}],"collection":[{"href":"https:\/\/www.telegim.tv\/particulares\/wp-json\/wp\/v2\/posts"}],"about":[{"href":"https:\/\/www.telegim.tv\/particulares\/wp-json\/wp\/v2\/types\/post"}],"author":[{"embeddable":true,"href":"https:\/\/www.telegim.tv\/particulares\/wp-json\/wp\/v2\/users\/94616"}],"replies":[{"embeddable":true,"href":"https:\/\/www.telegim.tv\/particulares\/wp-json\/wp\/v2\/comments?post=25186"}],"version-history":[{"count":3,"href":"https:\/\/www.telegim.tv\/particulares\/wp-json\/wp\/v2\/posts\/25186\/revisions"}],"predecessor-version":[{"id":25189,"href":"https:\/\/www.telegim.tv\/particulares\/wp-json\/wp\/v2\/posts\/25186\/revisions\/25189"}],"wp:attachment":[{"href":"https:\/\/www.telegim.tv\/particulares\/wp-json\/wp\/v2\/media?parent=25186"}],"wp:term":[{"taxonomy":"category","embeddable":true,"href":"https:\/\/www.telegim.tv\/particulares\/wp-json\/wp\/v2\/categories?post=25186"},{"taxonomy":"post_tag","embeddable":true,"href":"https:\/\/www.telegim.tv\/particulares\/wp-json\/wp\/v2\/tags?post=25186"}],"curies":[{"name":"wp","href":"https:\/\/api.w.org\/{rel}","templated":true}]}}