{"id":24653,"date":"2025-01-24T19:07:13","date_gmt":"2025-01-24T18:07:13","guid":{"rendered":"https:\/\/www.telegim.tv\/particulares\/?p=24653"},"modified":"2025-02-14T16:26:31","modified_gmt":"2025-02-14T15:26:31","slug":"video-clase-eliptica-visual-jesusmora-1909-2","status":"publish","type":"post","link":"https:\/\/www.telegim.tv\/particulares\/video-clase-eliptica-visual-jesusmora-1909-2\/","title":{"rendered":"Video Clase EL\u00cdPTICA VISUAL Jes\u00fas Mora #1909-2"},"content":{"rendered":"<p>Tiempo : 35'14\u2033 (31-45\u2032)<br \/>\nDificultad : 3<br \/>\nT\u00edtulo : Clase El\u00edptica Indoor con Jes\u00fas Mora #1909-2<br \/>\nDisciplina : El\u00edptica Visual<br \/>\nProfesor : Jes\u00fas Mora<br \/>\nObjetivos : Aumentar nuestra resistencia y gasto cal\u00f3rico diario. <\/p>\n<p>Descripci\u00f3n :<br \/>\nMountain Walk: Clase de Walking Indoor con Jes\u00fas Mora<\/p>\n<p>Emb\u00e1rcate en una experiencia \u00fanica de walking indoor con Jes\u00fas Mora en esta sesi\u00f3n de 35 minutos dise\u00f1ada para todos los amantes del movimiento y la naturaleza. Con 25 parciales, esta clase te har\u00e1 sentir como si estuvieras explorando las majestuosas monta\u00f1as granadinas, mientras trabajas tu cuerpo y mente en perfecta sincron\u00eda.<\/p>\n<p>Disfruta de un recorrido visual por paisajes espectaculares, que te mantendr\u00e1n motivado durante toda la sesi\u00f3n, mientras sigues el ritmo marcado por Jes\u00fas Mora, experto en walking fitness y conocido por su energ\u00eda y profesionalismo.<\/p>\n<p>\u00bfQu\u00e9 te ofrece esta clase?<br \/>\nDuraci\u00f3n: 35 minutos, ideales para maximizar resultados en poco tiempo.<br \/>\nParciales: 25 segmentos din\u00e1micos que combinan velocidad y resistencia.<br \/>\nRutas visuales: Paisajes de las monta\u00f1as de Granada que te har\u00e1n sentir como si estuvieras al aire libre.<br \/>\nBeneficios: Mejora tu resistencia cardiovascular, tonifica piernas y gl\u00fateos, y libera estr\u00e9s mientras disfrutas del recorrido.<br \/>\n\u00bfPara qui\u00e9n es esta clase?<br \/>\nPara principiantes y avanzados en busca de un entrenamiento divertido y eficaz.<br \/>\nIdeal para quienes aman la sensaci\u00f3n de caminar en la naturaleza desde la comodidad de su gimnasio o casa.<br \/>\nNo te pierdas esta oportunidad de combinar actividad f\u00edsica y paisajes inspiradores en una sola sesi\u00f3n. Reserva tu plaza ahora y empieza a caminar hacia tus objetivos.<\/p>\n<div class=\"rtng-rating-total\" data-id=\"24653\"><span class=\"rtng-text rtng-title\">Puntuaci\u00f3n media<\/span><div class=\"rtng-star-rating rtng-no-js \" data-rating=\"100\">\n\t\t\t\t\t<div class=\"rtng-star\" data-rating=\"1\">\n\t\t\t\t\t\t<span class=\"dashicons dashicons-star-filled\"><\/span>\n\t\t\t\t\t<\/div>\n\t\t\t\t\t<div class=\"rtng-star\" data-rating=\"2\">\n\t\t\t\t\t\t<span class=\"dashicons dashicons-star-filled\"><\/span>\n\t\t\t\t\t<\/div>\n\t\t\t\t\t<div class=\"rtng-star\" data-rating=\"3\">\n\t\t\t\t\t\t<span class=\"dashicons dashicons-star-filled\"><\/span>\n\t\t\t\t\t<\/div>\n\t\t\t\t\t<div class=\"rtng-star\" data-rating=\"4\">\n\t\t\t\t\t\t<span class=\"dashicons dashicons-star-filled\"><\/span>\n\t\t\t\t\t<\/div>\n\t\t\t\t\t<div class=\"rtng-star\" data-rating=\"5\">\n\t\t\t\t\t\t<span class=\"dashicons dashicons-star-filled\"><\/span>\n\t\t\t\t\t<\/div><\/div><span class=\"rtng-text rtng-total\">5 de 5 estrellas. 4 votos.<\/span><\/div> <div class=\"rtng-need-login\">Debe <a href=\"https:\/\/www.telegim.tv\/particulares\/wp-login.php\">iniciar sesi\u00f3n<\/a> enviar una opini\u00f3n.<\/div>","protected":false},"excerpt":{"rendered":"<p>Tiempo : 35&#8217;14\u2033 (31-45\u2032) Dificultad : 3 T\u00edtulo : Clase El\u00edptica Indoor con Jes\u00fas Mora #1909-2 Disciplina : El\u00edptica Visual Profesor : Jes\u00fas Mora Objetivos : Aumentar nuestra resistencia y gasto cal\u00f3rico diario. Descripci\u00f3n : Mountain Walk: Clase de Walking Indoor con Jes\u00fas Mora Emb\u00e1rcate en una experiencia \u00fanica de walking indoor con Jes\u00fas Mora [&hellip;]<\/p>\n","protected":false},"author":94616,"featured_media":0,"comment_status":"open","ping_status":"closed","sticky":false,"template":"","format":"standard","meta":{"footnotes":""},"categories":[14,492],"tags":[287,288,149,493,286],"class_list":["post-24653","post","type-post","status-publish","format-standard","hentry","category-elipticaindoor","category-visualeliptica","tag-clases-de-caminadoras","tag-elipdoor","tag-eliptica-indoor","tag-eliptica-visual","tag-indoorwalking-2"],"_links":{"self":[{"href":"https:\/\/www.telegim.tv\/particulares\/wp-json\/wp\/v2\/posts\/24653","targetHints":{"allow":["GET"]}}],"collection":[{"href":"https:\/\/www.telegim.tv\/particulares\/wp-json\/wp\/v2\/posts"}],"about":[{"href":"https:\/\/www.telegim.tv\/particulares\/wp-json\/wp\/v2\/types\/post"}],"author":[{"embeddable":true,"href":"https:\/\/www.telegim.tv\/particulares\/wp-json\/wp\/v2\/users\/94616"}],"replies":[{"embeddable":true,"href":"https:\/\/www.telegim.tv\/particulares\/wp-json\/wp\/v2\/comments?post=24653"}],"version-history":[{"count":0,"href":"https:\/\/www.telegim.tv\/particulares\/wp-json\/wp\/v2\/posts\/24653\/revisions"}],"wp:attachment":[{"href":"https:\/\/www.telegim.tv\/particulares\/wp-json\/wp\/v2\/media?parent=24653"}],"wp:term":[{"taxonomy":"category","embeddable":true,"href":"https:\/\/www.telegim.tv\/particulares\/wp-json\/wp\/v2\/categories?post=24653"},{"taxonomy":"post_tag","embeddable":true,"href":"https:\/\/www.telegim.tv\/particulares\/wp-json\/wp\/v2\/tags?post=24653"}],"curies":[{"name":"wp","href":"https:\/\/api.w.org\/{rel}","templated":true}]}}