{"id":24577,"date":"2024-12-24T12:55:27","date_gmt":"2024-12-24T11:55:27","guid":{"rendered":"https:\/\/www.telegim.tv\/particulares\/?p=24577"},"modified":"2024-12-24T12:55:27","modified_gmt":"2024-12-24T11:55:27","slug":"video-clase-eliptica-visual-xavin-2106","status":"publish","type":"post","link":"https:\/\/www.telegim.tv\/particulares\/video-clase-eliptica-visual-xavin-2106\/","title":{"rendered":"Video Clase EL\u00cdPTICA VISUAL Xavi Naveira #2106"},"content":{"rendered":"<p>Tiempo : 41'42\u2033 (31-45\u2032)<br \/>\nDificultad : 3<br \/>\nT\u00edtulo : Clase El\u00edptica Indoor con Xavi Naveira #2106<br \/>\nDisciplina : El\u00edptica Visual<br \/>\nProfesor : Xavi Naveira<br \/>\nObjetivos : Aumentar nuestra resistencia y gasto cal\u00f3rico diario. <\/p>\n<p>Descripci\u00f3n :<br \/>\nVideoclase de El\u00edptica con Xavi Naveira \u2013 Telegim<\/p>\n<p>Prep\u00e1rate para una intensa sesi\u00f3n de el\u00edptica con Xavi Naveira. Comenzaremos con 4 minutos de calentamiento donde buscamos ese color azul, manteniendo un ritmo constante de 68 zancadas por minuto. El entrenamiento de hoy incluye 5 picos que desafiar\u00e1n tu resistencia y sacar\u00e1n a relucir tu lado guerrero. A lo largo de la clase, tendr\u00e1s que enfrentarte a varios cambios de ritmo, como si estuvieras subiendo una monta\u00f1a llena de obst\u00e1culos. Y lo mejor de todo, \u00a1podr\u00e1s visualizar incre\u00edbles rutas por San Diego mientras entrenas! No te preocupes, Xavi estar\u00e1 a tu lado para guiarte y ayudarte a superar cada desaf\u00edo. Una clase dise\u00f1ada para trabajar a fondo, \u00a1prep\u00e1rate para sudar!<\/p>\n<div class=\"rtng-rating-total\" data-id=\"24577\"><span class=\"rtng-text rtng-title\">Puntuaci\u00f3n media<\/span><div class=\"rtng-star-rating rtng-no-js \" data-rating=\"100\">\n\t\t\t\t\t<div class=\"rtng-star\" data-rating=\"1\">\n\t\t\t\t\t\t<span class=\"dashicons dashicons-star-filled\"><\/span>\n\t\t\t\t\t<\/div>\n\t\t\t\t\t<div class=\"rtng-star\" data-rating=\"2\">\n\t\t\t\t\t\t<span class=\"dashicons dashicons-star-filled\"><\/span>\n\t\t\t\t\t<\/div>\n\t\t\t\t\t<div class=\"rtng-star\" data-rating=\"3\">\n\t\t\t\t\t\t<span class=\"dashicons dashicons-star-filled\"><\/span>\n\t\t\t\t\t<\/div>\n\t\t\t\t\t<div class=\"rtng-star\" data-rating=\"4\">\n\t\t\t\t\t\t<span class=\"dashicons dashicons-star-filled\"><\/span>\n\t\t\t\t\t<\/div>\n\t\t\t\t\t<div class=\"rtng-star\" data-rating=\"5\">\n\t\t\t\t\t\t<span class=\"dashicons dashicons-star-filled\"><\/span>\n\t\t\t\t\t<\/div><\/div><span class=\"rtng-text rtng-total\">5 de 5 estrellas. 3 votos.<\/span><\/div> <div class=\"rtng-need-login\">Debe <a href=\"https:\/\/www.telegim.tv\/particulares\/wp-login.php\">iniciar sesi\u00f3n<\/a> enviar una opini\u00f3n.<\/div>","protected":false},"excerpt":{"rendered":"<p>Tiempo : 41&#8217;42\u2033 (31-45\u2032) Dificultad : 3 T\u00edtulo : Clase El\u00edptica Indoor con Xavi Naveira #2106 Disciplina : El\u00edptica Visual Profesor : Xavi Naveira Objetivos : Aumentar nuestra resistencia y gasto cal\u00f3rico diario. Descripci\u00f3n : Videoclase de El\u00edptica con Xavi Naveira \u2013 Telegim Prep\u00e1rate para una intensa sesi\u00f3n de el\u00edptica con Xavi Naveira. Comenzaremos con [&hellip;]<\/p>\n","protected":false},"author":94616,"featured_media":0,"comment_status":"open","ping_status":"closed","sticky":false,"template":"","format":"standard","meta":{"footnotes":""},"categories":[14,492],"tags":[287,288,149,493,286],"class_list":["post-24577","post","type-post","status-publish","format-standard","hentry","category-elipticaindoor","category-visualeliptica","tag-clases-de-caminadoras","tag-elipdoor","tag-eliptica-indoor","tag-eliptica-visual","tag-indoorwalking-2"],"_links":{"self":[{"href":"https:\/\/www.telegim.tv\/particulares\/wp-json\/wp\/v2\/posts\/24577","targetHints":{"allow":["GET"]}}],"collection":[{"href":"https:\/\/www.telegim.tv\/particulares\/wp-json\/wp\/v2\/posts"}],"about":[{"href":"https:\/\/www.telegim.tv\/particulares\/wp-json\/wp\/v2\/types\/post"}],"author":[{"embeddable":true,"href":"https:\/\/www.telegim.tv\/particulares\/wp-json\/wp\/v2\/users\/94616"}],"replies":[{"embeddable":true,"href":"https:\/\/www.telegim.tv\/particulares\/wp-json\/wp\/v2\/comments?post=24577"}],"version-history":[{"count":0,"href":"https:\/\/www.telegim.tv\/particulares\/wp-json\/wp\/v2\/posts\/24577\/revisions"}],"wp:attachment":[{"href":"https:\/\/www.telegim.tv\/particulares\/wp-json\/wp\/v2\/media?parent=24577"}],"wp:term":[{"taxonomy":"category","embeddable":true,"href":"https:\/\/www.telegim.tv\/particulares\/wp-json\/wp\/v2\/categories?post=24577"},{"taxonomy":"post_tag","embeddable":true,"href":"https:\/\/www.telegim.tv\/particulares\/wp-json\/wp\/v2\/tags?post=24577"}],"curies":[{"name":"wp","href":"https:\/\/api.w.org\/{rel}","templated":true}]}}