{"id":21193,"date":"2022-07-26T10:54:14","date_gmt":"2022-07-26T08:54:14","guid":{"rendered":"https:\/\/www.telegim.tv\/particulares\/?p=21193"},"modified":"2023-12-19T10:39:39","modified_gmt":"2023-12-19T09:39:39","slug":"video-clase-meditacion-sonrisainterior-30min-con-techu","status":"publish","type":"post","link":"https:\/\/www.telegim.tv\/particulares\/video-clase-meditacion-sonrisainterior-30min-con-techu\/","title":{"rendered":"Video Clase MEDITACI\u00d3N SONRISA INTERIOR 30min CON TECHU"},"content":{"rendered":"<p>Tiempo 27\u201902\" (15\u2032-30')<br \/>\nDificultad : 1<br \/>\nT\u00edtulo Meditaci\u00f3n Sonrisa Interior con Techu #2210<br \/>\nDisciplina Meditaci\u00f3n<br \/>\nProfesor : Techu Toledo<br \/>\nObjetivos : Soltar tensiones, apreciar el presente<\/p>\n<p>Descripci\u00f3n : V\u00eddeo clase de 30 minutos de meditaci\u00f3n guiada a manos de Techu Toledo. Visualizando buenos momentos y recuerdos llenaremos nuestro interior y reviviremos ese sentimiento de gratitud y bienestar. Desbloquearemos esas tensiones acumuladas  Col\u00f3cate en una colchoneta o en una posici\u00f3n que tu te sientas c\u00f3modo\/a y empieza la sesi\u00f3n.<\/p>\n<p>La meditaci\u00f3n est\u00e1 considerada un tipo de medicina complementaria para mente y cuerpo. La meditaci\u00f3n puede producir un estado de relajamiento profundo y una mente tranquila. Durante la meditaci\u00f3n, concentras tu atenci\u00f3n y eliminas el flujo de pensamientos confusos que pueden estar llenando tu mente y provoc\u00e1ndote estr\u00e9s.<\/p>\n<div class=\"rtng-rating-total\" data-id=\"21193\"><span class=\"rtng-text rtng-title\">Puntuaci\u00f3n media<\/span><div class=\"rtng-star-rating rtng-no-js \" data-rating=\"0\"><div class=\"rtng-star\" data-rating=\"1\">\n\t\t\t\t\t<span class=\"dashicons dashicons-star-empty\"><\/span>\n\t\t\t\t<\/div><div class=\"rtng-star\" data-rating=\"2\">\n\t\t\t\t\t<span class=\"dashicons dashicons-star-empty\"><\/span>\n\t\t\t\t<\/div><div class=\"rtng-star\" data-rating=\"3\">\n\t\t\t\t\t<span class=\"dashicons dashicons-star-empty\"><\/span>\n\t\t\t\t<\/div><div class=\"rtng-star\" data-rating=\"4\">\n\t\t\t\t\t<span class=\"dashicons dashicons-star-empty\"><\/span>\n\t\t\t\t<\/div><div class=\"rtng-star\" data-rating=\"5\">\n\t\t\t\t\t<span class=\"dashicons dashicons-star-empty\"><\/span>\n\t\t\t\t<\/div><\/div><span class=\"rtng-text rtng-total\">Sistema Operativo<\/span><\/div> <div class=\"rtng-need-login\">Debe <a href=\"https:\/\/www.telegim.tv\/particulares\/wp-login.php\">iniciar sesi\u00f3n<\/a> enviar una opini\u00f3n.<\/div>","protected":false},"excerpt":{"rendered":"<p>Tiempo 27\u201902&#8243; (15\u2032-30&#8242;) Dificultad : 1 T\u00edtulo Meditaci\u00f3n Sonrisa Interior con Techu #2210 Disciplina Meditaci\u00f3n Profesor : Techu Toledo Objetivos : Soltar tensiones, apreciar el presente Descripci\u00f3n : V\u00eddeo clase de 30 minutos de meditaci\u00f3n guiada a manos de Techu Toledo. Visualizando buenos momentos y recuerdos llenaremos nuestro interior y reviviremos ese sentimiento de gratitud [&hellip;]<\/p>\n","protected":false},"author":94616,"featured_media":0,"comment_status":"open","ping_status":"closed","sticky":false,"template":"","format":"standard","meta":{"footnotes":""},"categories":[8,522],"tags":[524,523,227],"class_list":["post-21193","post","type-post","status-publish","format-standard","hentry","category-yoga","category-mindfulness","tag-meditacion","tag-mindfulness","tag-relajacion"],"_links":{"self":[{"href":"https:\/\/www.telegim.tv\/particulares\/wp-json\/wp\/v2\/posts\/21193","targetHints":{"allow":["GET"]}}],"collection":[{"href":"https:\/\/www.telegim.tv\/particulares\/wp-json\/wp\/v2\/posts"}],"about":[{"href":"https:\/\/www.telegim.tv\/particulares\/wp-json\/wp\/v2\/types\/post"}],"author":[{"embeddable":true,"href":"https:\/\/www.telegim.tv\/particulares\/wp-json\/wp\/v2\/users\/94616"}],"replies":[{"embeddable":true,"href":"https:\/\/www.telegim.tv\/particulares\/wp-json\/wp\/v2\/comments?post=21193"}],"version-history":[{"count":0,"href":"https:\/\/www.telegim.tv\/particulares\/wp-json\/wp\/v2\/posts\/21193\/revisions"}],"wp:attachment":[{"href":"https:\/\/www.telegim.tv\/particulares\/wp-json\/wp\/v2\/media?parent=21193"}],"wp:term":[{"taxonomy":"category","embeddable":true,"href":"https:\/\/www.telegim.tv\/particulares\/wp-json\/wp\/v2\/categories?post=21193"},{"taxonomy":"post_tag","embeddable":true,"href":"https:\/\/www.telegim.tv\/particulares\/wp-json\/wp\/v2\/tags?post=21193"}],"curies":[{"name":"wp","href":"https:\/\/api.w.org\/{rel}","templated":true}]}}