{"id":18471,"date":"2021-10-28T12:01:08","date_gmt":"2021-10-28T10:01:08","guid":{"rendered":"https:\/\/www.telegim.tv\/particulares\/?p=18471"},"modified":"2022-05-27T10:12:00","modified_gmt":"2022-05-27T08:12:00","slug":"video-clase-ciclo-indoor-visual-monica-bc27me-1706","status":"publish","type":"post","link":"https:\/\/www.telegim.tv\/particulares\/video-clase-ciclo-indoor-visual-monica-bc27me-1706\/","title":{"rendered":"Video Clase CICLO VISUAL M\u00f3nica BC27ME #1706"},"content":{"rendered":"<p>Tiempo : 51\u201955\u2033 (46-60\u2032)<br \/>\nDificultad : 2<br \/>\nT\u00edtulo : Ciclo Indoor BC27ME 1706 con M\u00f3nica<br \/>\nDisciplina : Ciclo Indoor Visual<br \/>\nProfesor : M\u00f3nica Estrella<br \/>\nObjetivos : En general mejorar nuestra capacidad aer\u00f3bica y forma f\u00edsica. Y si se elige los objetivos del Grupo B, mejorar tambi\u00e9n nuestro rendimiento.<\/p>\n<p>Objetivos : Grupo A- Mejora de la capacidad aer\u00f3bica. Grupo B \u2013 Mejora de la potencia Aer\u00f3bica.<br \/>\nDescripci\u00f3n : Video Clase Virtual de Ciclo Indoor-BIKECONTROL a cargo de M\u00f3nica Estrella.<br \/>\nEn esta sesi\u00f3n de 51 minutos tenemos dos bloques, con 3 picos importantes y una subida interv\u00e1lica final. Empezamos, como siempre, con un buen calentamiento.<br \/>\nEn las sesiones Bikecontrol siempre diferenciamos dos grupos de trabajo, los grupos de trabajo A y B (diferenciados en el gr\u00e1fico adjunto a la video clases, con las dos l\u00edneas de ojetivos de %Frecuencia Card\u00edaca que se ven), los podr\u00edamos describir como:<br \/>\nGrupo A: Trabajo de condici\u00f3n f\u00edsica para todas las personas en general, buscando una mejora de forma f\u00edsica o mantenimiento.<br \/>\nGrupo B: Trabajo m\u00e1s exigente e intensivo, en busca de objetivos concretos de mejorar nuestra forma f\u00edsica y rendimiento, m\u00e1s a nivel de competici\u00f3n.<br \/>\nAcu\u00e9rdate de tener a mano agua para mantenerte hidratado curante toda la sesi\u00f3n.<\/p>\n<p>En este caso el recorrido de acompa\u00f1amiento visual transcurre por Portugal, donde recorreremos caminos que siguen el mismo recorrido de r\u00edos y lagos de la zona, para finalizar como siempre en los \u00faltimos minutos de estiramientos con un timelapse relajante con im\u00e1genes de cielos nocutrnos y paisajes monta\u00f1osos.<\/p>\n<p>Pod\u00e9is ver las caracter\u00edsticas de nuestros tipos de sesiones de Ciclo Indoor en el siguiente art\u00edculo de nuestro blog <a href=\"http:\/\/tienda.telegim.tv\/blog\/diferentes-niveles-en-las-sesiones-de-ciclo-indoor\/\" title=\"Tipos de Clases de Ciclo Indoor\" target=\"_blank\" rel=\"noopener noreferrer nofollow\">\"Tipos de Clases en Ciclo Indoor\"<\/a>.<br \/>\nY para poder calcular vuestro %FC pod\u00e9is tambi\u00e9n leer el siguiente post de nuestro blog \"<a href=\"http:\/\/tienda.telegim.tv\/blog\/calculo-del-frecuencia-cardiaca-para-las-sesiones-de-ciclo-indoor\/\" title=\"C\u00e1lculo del % de Frecuencia Card\u00edaca\" target=\"_blank\" rel=\"noopener noreferrer nofollow\">C\u00e1lculo del %FC<\/a>\". Es muy recomendable realizar este tipo de sesiones con la ayuda de un puls\u00f3metro.<\/p>\n<div class=\"rtng-rating-total\" data-id=\"18471\"><span class=\"rtng-text rtng-title\">Puntuaci\u00f3n media<\/span><div class=\"rtng-star-rating rtng-no-js \" data-rating=\"0\"><div class=\"rtng-star\" data-rating=\"1\">\n\t\t\t\t\t<span class=\"dashicons dashicons-star-empty\"><\/span>\n\t\t\t\t<\/div><div class=\"rtng-star\" data-rating=\"2\">\n\t\t\t\t\t<span class=\"dashicons dashicons-star-empty\"><\/span>\n\t\t\t\t<\/div><div class=\"rtng-star\" data-rating=\"3\">\n\t\t\t\t\t<span class=\"dashicons dashicons-star-empty\"><\/span>\n\t\t\t\t<\/div><div class=\"rtng-star\" data-rating=\"4\">\n\t\t\t\t\t<span class=\"dashicons dashicons-star-empty\"><\/span>\n\t\t\t\t<\/div><div class=\"rtng-star\" data-rating=\"5\">\n\t\t\t\t\t<span class=\"dashicons dashicons-star-empty\"><\/span>\n\t\t\t\t<\/div><\/div><span class=\"rtng-text rtng-total\">Sistema Operativo<\/span><\/div> <div class=\"rtng-need-login\">Debe <a href=\"https:\/\/www.telegim.tv\/particulares\/wp-login.php\">iniciar sesi\u00f3n<\/a> enviar una opini\u00f3n.<\/div>","protected":false},"excerpt":{"rendered":"<p>Tiempo : 51\u201955\u2033 (46-60\u2032) Dificultad : 2 T\u00edtulo : Ciclo Indoor BC27ME 1706 con M\u00f3nica Disciplina : Ciclo Indoor Visual Profesor : M\u00f3nica Estrella Objetivos : En general mejorar nuestra capacidad aer\u00f3bica y forma f\u00edsica. Y si se elige los objetivos del Grupo B, mejorar tambi\u00e9n nuestro rendimiento. Objetivos : Grupo A- Mejora de la [&hellip;]<\/p>\n","protected":false},"author":94616,"featured_media":0,"comment_status":"closed","ping_status":"closed","sticky":false,"template":"","format":"standard","meta":{"footnotes":""},"categories":[490],"tags":[144,257,219,491],"class_list":["post-18471","post","type-post","status-publish","format-standard","hentry","category-visualcycling","tag-bikecontrol","tag-clases-de-ciclo-indoor","tag-spinning","tag-visual-cycling"],"_links":{"self":[{"href":"https:\/\/www.telegim.tv\/particulares\/wp-json\/wp\/v2\/posts\/18471","targetHints":{"allow":["GET"]}}],"collection":[{"href":"https:\/\/www.telegim.tv\/particulares\/wp-json\/wp\/v2\/posts"}],"about":[{"href":"https:\/\/www.telegim.tv\/particulares\/wp-json\/wp\/v2\/types\/post"}],"author":[{"embeddable":true,"href":"https:\/\/www.telegim.tv\/particulares\/wp-json\/wp\/v2\/users\/94616"}],"replies":[{"embeddable":true,"href":"https:\/\/www.telegim.tv\/particulares\/wp-json\/wp\/v2\/comments?post=18471"}],"version-history":[{"count":0,"href":"https:\/\/www.telegim.tv\/particulares\/wp-json\/wp\/v2\/posts\/18471\/revisions"}],"wp:attachment":[{"href":"https:\/\/www.telegim.tv\/particulares\/wp-json\/wp\/v2\/media?parent=18471"}],"wp:term":[{"taxonomy":"category","embeddable":true,"href":"https:\/\/www.telegim.tv\/particulares\/wp-json\/wp\/v2\/categories?post=18471"},{"taxonomy":"post_tag","embeddable":true,"href":"https:\/\/www.telegim.tv\/particulares\/wp-json\/wp\/v2\/tags?post=18471"}],"curies":[{"name":"wp","href":"https:\/\/api.w.org\/{rel}","templated":true}]}}