{"id":17058,"date":"2025-01-24T09:21:23","date_gmt":"2025-01-24T08:21:23","guid":{"rendered":"https:\/\/www.telegim.tv\/particulares\/?p=17058"},"modified":"2025-02-26T17:18:23","modified_gmt":"2025-02-26T16:18:23","slug":"video-clase-ciclo-indoor-visual-melcior-mauri-bc49mm-1702","status":"publish","type":"post","link":"https:\/\/www.telegim.tv\/particulares\/video-clase-ciclo-indoor-visual-melcior-mauri-bc49mm-1702\/","title":{"rendered":"Video Clase CICLO VISUAL Melcior Mauri BC49MM #1702"},"content":{"rendered":"<p>Tiempo : 52\u201915\u2033 (46-60\u2032)<br \/>\nDificultad : 3<br \/>\nT\u00edtulo : Melcior Mauri BC49MM<br \/>\nDisciplina : Ciclo Indoor Visual<br \/>\nProfesor : Melcior Mauri<br \/>\nObjetivos : Grupo A- Mejora de la capacidad aer\u00f3bica. Grupo B \u2013 Mejora de la potencia Aer\u00f3bica y un pico anaer\u00f3bico.<\/p>\n<p>Descripci\u00f3n : Video clase online de Ciclo Indoor-BIKECONTROL virtual de 52 minutos a cargo del ex ciclista profesional Melcior Mauri.<br \/>\nEmpezaremos con un calentamiento con el que acondicionaremos el cuerpo para la parte principal, con una cadencia alegre, seguido de dos bloques: el 1\u00ba de 16 minutos y el 2\u00ba de 17 minutos.<br \/>\nDistinguiremos entre 2 grupos de trabajo: A y B, como siempre en las sesiones de Bikecontrol (diferenciados en el gr\u00e1fico adjunto a la video clase, con las dos l\u00edneas de ojetivos de %Frecuencia Card\u00edaca que se ven) se pueden definir brevemente como:<br \/>\nEl grupo A: Trabajo de condici\u00f3n f\u00edsica para todas las personas, en general, trabajar\u00e1 con intensidades de hasta el 85% de su frecuencia card\u00edaca m\u00e1xima<br \/>\nEl grupo B: Trabajo m\u00e1s exigente e intensivo, trabajar\u00e1 hasta un 95%.<br \/>\nEn esta sesi\u00f3n, dentro de cada bloque el grupo B podr\u00e1 buscar un trabajo anaer\u00f3bico (exigencia muy alta por encima del 85% de la capacidad aer\u00f3bica), si tu objetivo es solo un mantenimiento f\u00edsico no es necesario llegar a esa intensidad.<\/p>\n<p>En este caso el recorrido de acompa\u00f1amiento visual transcurre principalmente por poblaciones del sur de Europa, donde podremos disfrutar sobretodo de im\u00e1genes de villas y carreteras que cruzan pueblos y monta\u00f1as de Andaluc\u00eda repletos de vegetaci\u00f3n. Para finalizar como siempre en los \u00faltimos minutos de estiramientos con un timelapse relajante con im\u00e1genes de cielos nocturnos y paisajes monta\u00f1osos.<\/p>\n<p>Pod\u00e9is ver las caracter\u00edsticas de nuestros tipos de sesiones de Ciclo Indoor en el siguiente art\u00edculo de nuestro blog <a href=\"http:\/\/tienda.telegim.tv\/blog\/diferentes-niveles-en-las-sesiones-de-ciclo-indoor\/\" title=\"Tipos de Clases de Ciclo Indoor\" target=\"_blank\" rel=\"noopener noreferrer nofollow\">\"Tipos de Clases en Ciclo Indoor\"<\/a>.<br \/>\nY para poder calcular vuestro %FC pod\u00e9is tambi\u00e9n leer el siguiente post de nuestro blog \"<a href=\"http:\/\/tienda.telegim.tv\/blog\/calculo-del-frecuencia-cardiaca-para-las-sesiones-de-ciclo-indoor\/\" title=\"C\u00e1lculo del % de Frecuencia Card\u00edaca\" target=\"_blank\" rel=\"noopener noreferrer nofollow\">C\u00e1lculo del %FC<\/a>\". Es muy recomendable realizar este tipo de sesiones con la ayuda de un puls\u00f3metro.<\/p>\n<div class=\"rtng-rating-total\" data-id=\"17058\"><span class=\"rtng-text rtng-title\">Puntuaci\u00f3n media<\/span><div class=\"rtng-star-rating rtng-no-js \" data-rating=\"0\"><div class=\"rtng-star\" data-rating=\"1\">\n\t\t\t\t\t<span class=\"dashicons dashicons-star-empty\"><\/span>\n\t\t\t\t<\/div><div class=\"rtng-star\" data-rating=\"2\">\n\t\t\t\t\t<span class=\"dashicons dashicons-star-empty\"><\/span>\n\t\t\t\t<\/div><div class=\"rtng-star\" data-rating=\"3\">\n\t\t\t\t\t<span class=\"dashicons dashicons-star-empty\"><\/span>\n\t\t\t\t<\/div><div class=\"rtng-star\" data-rating=\"4\">\n\t\t\t\t\t<span class=\"dashicons dashicons-star-empty\"><\/span>\n\t\t\t\t<\/div><div class=\"rtng-star\" data-rating=\"5\">\n\t\t\t\t\t<span class=\"dashicons dashicons-star-empty\"><\/span>\n\t\t\t\t<\/div><\/div><span class=\"rtng-text rtng-total\">Sistema Operativo<\/span><\/div> <div class=\"rtng-need-login\">Debe <a href=\"https:\/\/www.telegim.tv\/particulares\/wp-login.php\">iniciar sesi\u00f3n<\/a> enviar una opini\u00f3n.<\/div>","protected":false},"excerpt":{"rendered":"<p>Tiempo : 52\u201915\u2033 (46-60\u2032) Dificultad : 3 T\u00edtulo : Melcior Mauri BC49MM Disciplina : Ciclo Indoor Visual Profesor : Melcior Mauri Objetivos : Grupo A- Mejora de la capacidad aer\u00f3bica. Grupo B \u2013 Mejora de la potencia Aer\u00f3bica y un pico anaer\u00f3bico. Descripci\u00f3n : Video clase online de Ciclo Indoor-BIKECONTROL virtual de 52 minutos a [&hellip;]<\/p>\n","protected":false},"author":94616,"featured_media":0,"comment_status":"closed","ping_status":"closed","sticky":false,"template":"","format":"standard","meta":{"footnotes":""},"categories":[490],"tags":[144,176,257,219,491],"class_list":["post-17058","post","type-post","status-publish","format-standard","hentry","category-visualcycling","tag-bikecontrol","tag-cardio","tag-clases-de-ciclo-indoor","tag-spinning","tag-visual-cycling"],"_links":{"self":[{"href":"https:\/\/www.telegim.tv\/particulares\/wp-json\/wp\/v2\/posts\/17058","targetHints":{"allow":["GET"]}}],"collection":[{"href":"https:\/\/www.telegim.tv\/particulares\/wp-json\/wp\/v2\/posts"}],"about":[{"href":"https:\/\/www.telegim.tv\/particulares\/wp-json\/wp\/v2\/types\/post"}],"author":[{"embeddable":true,"href":"https:\/\/www.telegim.tv\/particulares\/wp-json\/wp\/v2\/users\/94616"}],"replies":[{"embeddable":true,"href":"https:\/\/www.telegim.tv\/particulares\/wp-json\/wp\/v2\/comments?post=17058"}],"version-history":[{"count":2,"href":"https:\/\/www.telegim.tv\/particulares\/wp-json\/wp\/v2\/posts\/17058\/revisions"}],"predecessor-version":[{"id":24994,"href":"https:\/\/www.telegim.tv\/particulares\/wp-json\/wp\/v2\/posts\/17058\/revisions\/24994"}],"wp:attachment":[{"href":"https:\/\/www.telegim.tv\/particulares\/wp-json\/wp\/v2\/media?parent=17058"}],"wp:term":[{"taxonomy":"category","embeddable":true,"href":"https:\/\/www.telegim.tv\/particulares\/wp-json\/wp\/v2\/categories?post=17058"},{"taxonomy":"post_tag","embeddable":true,"href":"https:\/\/www.telegim.tv\/particulares\/wp-json\/wp\/v2\/tags?post=17058"}],"curies":[{"name":"wp","href":"https:\/\/api.w.org\/{rel}","templated":true}]}}