{"id":16572,"date":"2025-01-14T09:22:09","date_gmt":"2025-01-14T08:22:09","guid":{"rendered":"https:\/\/www.telegim.tv\/particulares\/?p=16572"},"modified":"2025-02-26T17:10:47","modified_gmt":"2025-02-26T16:10:47","slug":"video-clase-ciclo-indoor-visual-mireia-bc39mf-1702","status":"publish","type":"post","link":"https:\/\/www.telegim.tv\/particulares\/video-clase-ciclo-indoor-visual-mireia-bc39mf-1702\/","title":{"rendered":"Video Clase CICLO VISUAL Mireia BC39MF #1702"},"content":{"rendered":"<p>Tiempo : 50\u201923\u2033 (46-60\u2032)<br \/>\nDificultad : 2<br \/>\nT\u00edtulo : Ciclo Indoor BC39MF 1702 con Mireia<br \/>\nDisciplina : Ciclo Indoor Visual<br \/>\nProfesor : Mireia Fontdegloria<br \/>\nObjetivos : En general mejorar nuestra capacidad aer\u00f3bica y forma f\u00edsica. Y si se elige los objetivos del Grupo B, mejorar tambi\u00e9n nuestro rendimiento.<\/p>\n<p>Descripci\u00f3n : Video Clase de Ciclo Indoor BIKECONTROL a cargo de la nuestra monitora Mireia. En esta clase Virtual virtual de ciclismo indoor trabajaremos entre el 70% y 90% de la Frecuencia Card\u00edaca durante el bloque principal.<br \/>\nSesi\u00f3n de 50 minutos, que comenzaremos con un calentamiento de casi 3 minutos. En esta sesi\u00f3n subiremos una monta\u00f1a con dos picos y dos bloques de trabajo, el primero de 17 minutos y el segundo de 21 minutos. Tendremos subidas, saltos, llanos... una sesi\u00f3n muy variada y un entreno intenso y divertido.<\/p>\n<p>Como siempre en las clases Bikecontrol podemos elegir entre 2 niveles de intensidad:<br \/>\nLos Grupos de Trabajo A y B (diferenciados en el gr\u00e1fico adjunto a la v\u00eddeo clases, con las dos l\u00edneas de objetivos de %Frecuencia Card\u00edaca que se ven), se pueden definir brevemente como:<br \/>\nGrupo A. Trabajo de condici\u00f3n f\u00edsica para todas las personas, en general, buscando una mejora de forma f\u00edsica o mantenimiento.<br \/>\nGrupo B: Trabajo m\u00e1s exigente e intensivo, en busca de objetivos concretos de mejorar nuestra forma f\u00edsica y rendimiento, m\u00e1s a nivel de competici\u00f3n.<\/p>\n<p>Importante ir bebiendo agua durante toda la clase Virtual para no deshidratarnos.<br \/>\nEn este caso el recorrido de acompa\u00f1amiento visual transcurre por la isla de Ibiza, donde podremos disfrutar de paisajes aislados de la ciudad entre caminos con prados y pueblos campestres. Finalizaremos como siempre en los \u00faltimos minutos de estiramientos con un timelapse relajante con im\u00e1genes de cielos nocturnos y paisajes monta\u00f1osos.<\/p>\n<p>Pod\u00e9is ver las caracter\u00edsticas de nuestros tipos de sesiones de Ciclo Indoor en el siguiente art\u00edculo de nuestro blog <a href=\"http:\/\/tienda.telegim.tv\/blog\/diferentes-niveles-en-las-sesiones-de-ciclo-indoor\/\" title=\"Tipos de Clases de Ciclo Indoor\" target=\"_blank\" rel=\"noopener noreferrer nofollow\">\"Tipos de Clases en Ciclo Indoor\"<\/a>.<br \/>\nY para poder calcular vuestro %FC pod\u00e9is tambi\u00e9n leer el siguiente post de nuestro blog \"<a href=\"http:\/\/tienda.telegim.tv\/blog\/calculo-del-frecuencia-cardiaca-para-las-sesiones-de-ciclo-indoor\/\" title=\"C\u00e1lculo del % de Frecuencia Card\u00edaca\" target=\"_blank\" rel=\"noopener noreferrer nofollow\">C\u00e1lculo del %FC<\/a>\". Es muy recomendable realizar este tipo de sesiones con la ayuda de un puls\u00f3metro.<\/p>\n<div class=\"rtng-rating-total\" data-id=\"16572\"><span class=\"rtng-text rtng-title\">Puntuaci\u00f3n media<\/span><div class=\"rtng-star-rating rtng-no-js \" data-rating=\"0\"><div class=\"rtng-star\" data-rating=\"1\">\n\t\t\t\t\t<span class=\"dashicons dashicons-star-empty\"><\/span>\n\t\t\t\t<\/div><div class=\"rtng-star\" data-rating=\"2\">\n\t\t\t\t\t<span class=\"dashicons dashicons-star-empty\"><\/span>\n\t\t\t\t<\/div><div class=\"rtng-star\" data-rating=\"3\">\n\t\t\t\t\t<span class=\"dashicons dashicons-star-empty\"><\/span>\n\t\t\t\t<\/div><div class=\"rtng-star\" data-rating=\"4\">\n\t\t\t\t\t<span class=\"dashicons dashicons-star-empty\"><\/span>\n\t\t\t\t<\/div><div class=\"rtng-star\" data-rating=\"5\">\n\t\t\t\t\t<span class=\"dashicons dashicons-star-empty\"><\/span>\n\t\t\t\t<\/div><\/div><span class=\"rtng-text rtng-total\">Sistema Operativo<\/span><\/div> <div class=\"rtng-need-login\">Debe <a href=\"https:\/\/www.telegim.tv\/particulares\/wp-login.php\">iniciar sesi\u00f3n<\/a> enviar una opini\u00f3n.<\/div>","protected":false},"excerpt":{"rendered":"<p>Tiempo : 50\u201923\u2033 (46-60\u2032) Dificultad : 2 T\u00edtulo : Ciclo Indoor BC39MF 1702 con Mireia Disciplina : Ciclo Indoor Visual Profesor : Mireia Fontdegloria Objetivos : En general mejorar nuestra capacidad aer\u00f3bica y forma f\u00edsica. Y si se elige los objetivos del Grupo B, mejorar tambi\u00e9n nuestro rendimiento. Descripci\u00f3n : Video Clase de Ciclo Indoor [&hellip;]<\/p>\n","protected":false},"author":94616,"featured_media":0,"comment_status":"closed","ping_status":"closed","sticky":false,"template":"","format":"standard","meta":{"footnotes":""},"categories":[490],"tags":[144,257,219,491],"class_list":["post-16572","post","type-post","status-publish","format-standard","hentry","category-visualcycling","tag-bikecontrol","tag-clases-de-ciclo-indoor","tag-spinning","tag-visual-cycling"],"_links":{"self":[{"href":"https:\/\/www.telegim.tv\/particulares\/wp-json\/wp\/v2\/posts\/16572","targetHints":{"allow":["GET"]}}],"collection":[{"href":"https:\/\/www.telegim.tv\/particulares\/wp-json\/wp\/v2\/posts"}],"about":[{"href":"https:\/\/www.telegim.tv\/particulares\/wp-json\/wp\/v2\/types\/post"}],"author":[{"embeddable":true,"href":"https:\/\/www.telegim.tv\/particulares\/wp-json\/wp\/v2\/users\/94616"}],"replies":[{"embeddable":true,"href":"https:\/\/www.telegim.tv\/particulares\/wp-json\/wp\/v2\/comments?post=16572"}],"version-history":[{"count":1,"href":"https:\/\/www.telegim.tv\/particulares\/wp-json\/wp\/v2\/posts\/16572\/revisions"}],"predecessor-version":[{"id":24990,"href":"https:\/\/www.telegim.tv\/particulares\/wp-json\/wp\/v2\/posts\/16572\/revisions\/24990"}],"wp:attachment":[{"href":"https:\/\/www.telegim.tv\/particulares\/wp-json\/wp\/v2\/media?parent=16572"}],"wp:term":[{"taxonomy":"category","embeddable":true,"href":"https:\/\/www.telegim.tv\/particulares\/wp-json\/wp\/v2\/categories?post=16572"},{"taxonomy":"post_tag","embeddable":true,"href":"https:\/\/www.telegim.tv\/particulares\/wp-json\/wp\/v2\/tags?post=16572"}],"curies":[{"name":"wp","href":"https:\/\/api.w.org\/{rel}","templated":true}]}}